{"id":44851,"date":"2025-10-24T20:15:35","date_gmt":"2025-10-24T18:15:35","guid":{"rendered":"https:\/\/druckluft-verzeichnis.de\/?p=44851"},"modified":"2026-03-27T17:43:22","modified_gmt":"2026-03-27T16:43:22","slug":"schraubenverdichter-im-vergleich","status":"publish","type":"post","link":"https:\/\/druckluft-verzeichnis.de\/en\/blog\/schraubenverdichter-im-vergleich\/","title":{"rendered":"Schraubenverdichter im Vergleich \u2013 Kompakt oder herk\u00f6mmlich?"},"content":{"rendered":"<h2>Schraubenverdichter im Vergleich: Kompakt oder herk\u00f6mmlich?<\/h2>\n<p>Sie m\u00f6chten wissen, welcher Schraubenverdichter besser zu Ihrer Anwendung passt? Hier finden Sie den direkten Vergleich: <strong>Kompakt-Schraubenverdichter<\/strong> gegen <strong>herk\u00f6mmliche Schraubenverdichter<\/strong> \u2013 kurz erkl\u00e4rt und ausf\u00fchrlich analysiert!<\/p>\n<h2>Was unterscheidet Schraubenverdichter im Vergleich wirklich?<\/h2>\n<p><strong>Kurzantwort:<\/strong> Der <strong>Kompakt-Schraubenverdichter<\/strong> ist ein <strong>alles-in-einem Ger\u00e4t<\/strong> \u2013 platzsparend, schnell installiert und wartungsfreundlich. Der <strong>herk\u00f6mmliche Schraubenverdichter<\/strong> hingegen ist <strong>modular aufgebaut<\/strong> und bietet mehr Flexibilit\u00e4t f\u00fcr gro\u00dfe Industrieanlagen.<\/p>\n<p>Doch was bedeutet das konkret f\u00fcr Ihre Entscheidung? Schauen wir uns die beiden Typen im Detail an.<\/p>\n<h3>Schraubenverdichter im Vergleich: Aufbau und Funktionsweise<\/h3>\n<p>Der <strong>Kompakt-Schraubenverdichter<\/strong> ist eine vollst\u00e4ndige Einheit. Alle wesentlichen Komponenten wie <strong><a href=\"https:\/\/druckluft-verzeichnis.de\/en\/blog\/der-kompressor-oelabscheider-im-detail-aufbau-und-funktionsweise\/\">\u00d6labscheider<\/a>, \u00d6lvorratsbeh\u00e4lter<\/strong> und <strong>Ansaugregler <\/strong>sind bereits im Geh\u00e4use integriert. Dadurch ist das Ger\u00e4t besonders kompakt, leicht zu transportieren und schnell betriebsbereit.<\/p>\n<p>Beim <strong>herk\u00f6mmlichen Schraubenverdichter<\/strong> hingegen werden diese Komponenten separat montiert. Das ist aufwendiger, erlaubt aber eine <strong>individuelle Anpassung<\/strong> \u2013 ideal f\u00fcr gro\u00dfe Anlagen, bei denen Flexibilit\u00e4t wichtiger ist als Platzersparnis.<\/p>\n<p><img fetchpriority=\"high\" decoding=\"async\" class=\"aligncenter wp-image-54182 size-large\" src=\"https:\/\/druckluft-verzeichnis.de\/wp-content\/uploads\/schraubenverdichter-im-vergleich-blog-1024x572.webp\" alt=\"Schraubenverdichter im Vergleich Kompakt vs. herk\u00f6mmlich\" width=\"1024\" height=\"572\" srcset=\"https:\/\/druckluft-verzeichnis.de\/wp-content\/uploads\/schraubenverdichter-im-vergleich-blog-1024x572.webp 1024w, https:\/\/druckluft-verzeichnis.de\/wp-content\/uploads\/schraubenverdichter-im-vergleich-blog-300x167.webp 300w, https:\/\/druckluft-verzeichnis.de\/wp-content\/uploads\/schraubenverdichter-im-vergleich-blog-768x429.webp 768w, https:\/\/druckluft-verzeichnis.de\/wp-content\/uploads\/schraubenverdichter-im-vergleich-blog-1536x857.webp 1536w, https:\/\/druckluft-verzeichnis.de\/wp-content\/uploads\/schraubenverdichter-im-vergleich-blog-2048x1143.webp 2048w, https:\/\/druckluft-verzeichnis.de\/wp-content\/uploads\/schraubenverdichter-im-vergleich-blog-1320x737.webp 1320w\" sizes=\"(max-width: 1024px) 100vw, 1024px\" \/><\/p>\n<h3>Technischer Vergleich auf einen Blick<\/h3>\n<table border=\"1\" cellspacing=\"0\" cellpadding=\"6\">\n<tbody>\n<tr>\n<th>Merkmal<\/th>\n<th>Kompakt-Schraubenverdichter<\/th>\n<th>Herk\u00f6mmlicher Schraubenverdichter<\/th>\n<\/tr>\n<tr>\n<td><strong>Integration<\/strong><\/td>\n<td>\u00d6labscheider &amp; \u00d6lvorrat integriert<\/td>\n<td>Separate Anbauteile<\/td>\n<\/tr>\n<tr>\n<td><strong>Platzbedarf<\/strong><\/td>\n<td>Sehr gering, ideal bei wenig Raum<\/td>\n<td>Gr\u00f6\u00dfer, ben\u00f6tigt Zusatzfl\u00e4che<\/td>\n<\/tr>\n<tr>\n<td><strong>Installation<\/strong><\/td>\n<td>Schnell und einfach<\/td>\n<td>Komplexer, mehr Aufwand<\/td>\n<\/tr>\n<tr>\n<td><strong>Wartung<\/strong><\/td>\n<td>Einfacher durch kompakten Aufbau<\/td>\n<td>Individueller Zugriff auf Module<\/td>\n<\/tr>\n<tr>\n<td><strong>Energieeffizienz<\/strong><\/td>\n<td>Oft bereits optimiert<\/td>\n<td>Abh\u00e4ngig von verwendeten Komponenten<\/td>\n<\/tr>\n<\/tbody>\n<\/table>\n<h3>Wann lohnt sich welcher Schraubenverdichter?<\/h3>\n<p>Wenn Sie <strong>Platz sparen<\/strong> und eine <strong>schnelle Installation<\/strong> bevorzugen, ist der Kompakt-Schraubenverdichter die bessere Wahl. Haben Sie dagegen eine <strong>gro\u00dfe Industrieanlage<\/strong> mit individuellen Anforderungen, ist der modulare Aufbau des herk\u00f6mmlichen Schraubenverdichters im Vorteil.<\/p>\n<h2>Beispiel und Aufbau eines Kompakt-Schraubenverdichter<\/h2>\n<p><code>\n<div class=\"wp-block-presto-player-reusable-edit\"><!--presto-player:video_id=1--><figure class=\"wp-block-video presto-block-video  presto-provider-youtube\" style=\"--plyr-color-main: var(--presto-player-highlight-color, #00b3ff); --presto-player-logo-width: 150px; \">\n\t<presto-player \n\t\tpreset='{&quot;id&quot;:5,&quot;name&quot;:&quot;YouTube Optimized&quot;,&quot;slug&quot;:&quot;youtube&quot;,&quot;icon&quot;:&quot;youtube&quot;,&quot;skin&quot;:&quot;stacked&quot;,&quot;play-large&quot;:true,&quot;rewind&quot;:true,&quot;play&quot;:true,&quot;fast-forward&quot;:true,&quot;progress&quot;:true,&quot;current-time&quot;:true,&quot;mute&quot;:true,&quot;volume&quot;:true,&quot;speed&quot;:true,&quot;pip&quot;:false,&quot;fullscreen&quot;:true,&quot;captions&quot;:false,&quot;reset_on_end&quot;:true,&quot;auto_hide&quot;:true,&quot;show_time_elapsed&quot;:false,&quot;captions_enabled&quot;:false,&quot;save_player_position&quot;:false,&quot;sticky_scroll&quot;:false,&quot;sticky_scroll_position&quot;:&quot;bottom right&quot;,&quot;on_video_end&quot;:&quot;select&quot;,&quot;play_video_viewport&quot;:false,&quot;hide_youtube&quot;:false,&quot;lazy_load_youtube&quot;:true,&quot;hide_logo&quot;:false,&quot;border_radius&quot;:0,&quot;caption_style&quot;:&quot;&quot;,&quot;caption_background&quot;:&quot;&quot;,&quot;is_locked&quot;:true,&quot;cta&quot;:[&quot;&quot;],&quot;watermark&quot;:[&quot;&quot;],&quot;search&quot;:[&quot;&quot;],&quot;email_collection&quot;:[&quot;&quot;],&quot;created_by&quot;:1,&quot;created_at&quot;:&quot;2025-07-23 12:17:43&quot;,&quot;updated_at&quot;:&quot;2025-07-23 12:17:43&quot;,&quot;deleted_at&quot;:&quot;&quot;}'\n\t\tbranding='{&quot;logo&quot;:&quot;&quot;,&quot;color&quot;:&quot;#00b3ff&quot;,&quot;logo_width&quot;:150,&quot;player_css&quot;:&quot;&quot;}'\n\t\tchapters='[]'\n\t\toverlays='[]'\n\t\ttracks='[]'\n\t\tblock-attributes='{&quot;playsInline&quot;:true,&quot;id&quot;:1,&quot;src&quot;:&quot;https:\\\/\\\/www.youtube.com\\\/watch?v=bjxamdDw0aA&quot;,&quot;preset&quot;:5,&quot;video_id&quot;:&quot;bjxamdDw0aA&quot;,&quot;visibility&quot;:&quot;public&quot;,&quot;color&quot;:&quot;#00b3ff&quot;,&quot;mutedPreview&quot;:{&quot;enabled&quot;:false,&quot;captions&quot;:false},&quot;mutedOverlay&quot;:{&quot;enabled&quot;:false,&quot;src&quot;:&quot;&quot;,&quot;width&quot;:200,&quot;focalPoint&quot;:{&quot;x&quot;:0.5,&quot;y&quot;:0.5}},&quot;mutedOverlayType&quot;:&quot;text&quot;,&quot;mutedOverlayText&quot;:&quot;Click to play&quot;,&quot;mutedOverlayImageWidth&quot;:200,&quot;chapters&quot;:[],&quot;overlays&quot;:[],&quot;tracks&quot;:[],&quot;uwpmControls&quot;:{&quot;enabled&quot;:false,&quot;rules&quot;:[]},&quot;TrpContentRestriction&quot;:{&quot;restriction_type&quot;:&quot;exclude&quot;,&quot;selected_languages&quot;:[],&quot;panel_open&quot;:true},&quot;title&quot;:&quot;ROTORCOMP Trailer&quot;}'\n\t\tanalytics=''\n\t\tautomations\t\tprovider='youtube'\n\t\t\t\tid=\"presto-player-1\"\n\t\tsrc=\"\/\/www.youtube.com\/embed\/bjxamdDw0aA?iv_load_policy=3&amp;modestbranding=1&amp;playinline=1&amp;showinfo=0&amp;rel=0&amp;enablejsapi=1\"\n\t\tmedia-title=\"ROTORCOMP Trailer\"\n\t\tcss=\"\"\n\t\tclass=\"presto-video-id-1 presto-preset-id-5 skin-stacked\"\n\t\tskin=\"stacked\" \n\t\ticon-url=\"https:\/\/druckluft-verzeichnis.de\/wp-content\/plugins\/presto-player\/img\/sprite.svg\" \n\t\tpreload=\"\" \n\t\tposter=\"\"\n\t\tyoutube=\"{&quot;noCookie&quot;:false,&quot;channelId&quot;:&quot;&quot;,&quot;show_count&quot;:false}\"\n\t\tprovider-video-id=\"bjxamdDw0aA\"\n\t\tvideo-id=\"1\"\n\t\tlazy-load-youtube\t\tvideo-attributes='{}'\n\t\tplaysinline\t\t\t\t>\n\t\t\n\n\t<\/presto-player>\n<\/figure><\/div>\n<\/code><\/p>\n<p>ROTORCOMP ist ein f\u00fchrender OEM-Lieferant von <a href=\"https:\/\/druckluft-verzeichnis.de\/en\/schraubenkompressoren-stuttgart\/\">Schraubenkompressoren<\/a> und bietet \u00f6leingespritzte Schraubenkompressorbl\u00f6cke an und sind zudem der weltweit gr\u00f6\u00dfte Anbieter von Kompaktaggregaten.<\/p>\n<h2>H\u00e4ufige Fragen (FAQ) zu Schraubenverdichtern im Vergleich<\/h2>\n<p>&nbsp;<\/p>\n<h3>Was ist der gr\u00f6\u00dfte Unterschied zwischen Kompakt- und herk\u00f6mmlichem Schraubenverdichter?<\/h3>\n<p>Der Hauptunterschied liegt im Aufbau: Der Kompakt-Schraubenverdichter ist eine <strong>komplette Einheit<\/strong>, w\u00e4hrend der herk\u00f6mmliche <strong>modular<\/strong> aufgebaut ist. Dadurch ist der Kompakte einfacher zu installieren, der Herk\u00f6mmliche jedoch flexibler in gro\u00dfen Anlagen.<\/p>\n<h3>Welcher Schraubenverdichter braucht weniger Platz?<\/h3>\n<p>Ganz klar: Der Kompakt-Schraubenverdichter! Er ist extrem platzsparend, da alle Bauteile bereits im Geh\u00e4use integriert sind. Ideal f\u00fcr Werkst\u00e4tten, Produktionshallen oder enge R\u00e4ume.<\/p>\n<h3>Welcher Verdichter ist einfacher zu installieren?<\/h3>\n<p>Der Kompakt-Schraubenverdichter ist <strong>plug-and-play-f\u00e4hig<\/strong> \u2013 anschlie\u00dfen, starten, fertig. Der herk\u00f6mmliche Schraubenverdichter ben\u00f6tigt eine <strong>separate Installation<\/strong> der Zusatzmodule, was mehr Zeit kostet.<\/p>\n<h3>Wie sieht es mit der Wartung aus?<\/h3>\n<p>Die Wartung ist beim Kompakt-Schraubenverdichter meist <strong>einfacher<\/strong> und schneller. Durch den modularen Aufbau des herk\u00f6mmlichen Verdichters kann man zwar gezielt Bauteile tauschen, ben\u00f6tigt daf\u00fcr aber mehr Zeit und Fachwissen.<\/p>\n<h3>Welcher Verdichter ist energieeffizienter?<\/h3>\n<p>Der Kompakt-Schraubenverdichter wird h\u00e4ufig durch <strong>Frequenzumrichter<\/strong> im <a href=\"https:\/\/druckluft-verzeichnis.de\/en\/druckluft-fachhandel\/\">Kompressor<\/a> unterst\u00fctzt und optimierten Steuerungen ausgestattet. Beim herk\u00f6mmlichen Verdichter h\u00e4ngt die Effizienz von den eingesetzten Komponenten ab.<\/p>\n<h3>Wann sollte ich den Kompakt-Schraubenverdichter w\u00e4hlen?<\/h3>\n<ul>\n<li>Wenn Sie <strong>wenig Platz<\/strong> haben<\/li>\n<li>Wenn Sie <strong>schnell starten<\/strong> m\u00f6chten<\/li>\n<li>Wenn Sie <strong>geringen Wartungsaufwand<\/strong> w\u00fcnschen<\/li>\n<\/ul>\n<p>Mehr dazu in unserem Ratgeber <a href=\"https:\/\/druckluft-verzeichnis.de\/blog\/schraubenkompressor-aufbau-funktion-wartung\/\">Der Schraubenkompressor: Das kraftvolle Herz moderner Druckluftsysteme<\/a>.<\/p>\n<h3>Wann ist der herk\u00f6mmliche Schraubenverdichter besser?<\/h3>\n<ul>\n<li>Bei <strong>gro\u00dfen Industrieanlagen<\/strong><\/li>\n<li>Wenn Sie eine <strong>ma\u00dfgeschneiderte L\u00f6sung<\/strong> brauchen<\/li>\n<li>Wenn Sie <strong>modulare Flexibilit\u00e4t<\/strong> bevorzugen<\/li>\n<\/ul>\n<h2>Fazit: Welcher Schraubenverdichter gewinnt im Vergleich?<\/h2>\n<p>Wenn Sie eine kompakte, wartungsarme L\u00f6sung suchen, ist der <strong>Kompakt-Schraubenverdichter<\/strong> die beste Wahl. Er ist ideal f\u00fcr kleine und mittlere Betriebe. F\u00fcr gro\u00dffl\u00e4chige Anlagen, bei denen Anpassbarkeit z\u00e4hlt, bleibt der <strong>herk\u00f6mmliche Schraubenverdichter<\/strong> unschlagbar.<\/p>\n<p>Lesen Sie auch: <a href=\"https:\/\/druckluft-verzeichnis.de\/blog\/kolbenkompressoren-vs-schraubenkompressoren-unterschied\/\">Kompressoren im Vergleich \u2013 Kolbenkompressor vs. Schraubenkompressor<\/a><\/p>\n<p><script type=\"application\/ld+json\">\n{\n  \"@context\": \"https:\/\/schema.org\",\n  \"@type\": \"FAQPage\",\n  \"mainEntity\": [\n    {\n      \"@type\": \"Question\",\n      \"name\": \"Was ist der Unterschied zwischen Kompakt-Schraubenverdichter und herk\u00f6mmlichem Schraubenverdichter?\",\n      \"acceptedAnswer\": {\n        \"@type\": \"Answer\",\n        \"text\": \"Der Kompakt-Schraubenverdichter ist eine komplette Einheit mit integriertem \u00d6labscheider und \u00d6lvorratsbeh\u00e4lter, w\u00e4hrend der herk\u00f6mmliche modular aufgebaut ist und die Teile separat installiert werden.\"\n      }\n    },\n    {\n      \"@type\": \"Question\",\n      \"name\": \"Welcher Schraubenverdichter ist platzsparender?\",\n      \"acceptedAnswer\": {\n        \"@type\": \"Answer\",\n        \"text\": \"Der Kompakt-Schraubenverdichter ben\u00f6tigt deutlich weniger Platz, da alle Komponenten im Geh\u00e4use integriert sind.\"\n      }\n    },\n    {\n      \"@type\": \"Question\",\n      \"name\": \"Welcher Verdichter ist einfacher zu installieren?\",\n      \"acceptedAnswer\": {\n        \"@type\": \"Answer\",\n        \"text\": \"Der Kompakt-Schraubenverdichter ist schneller und unkomplizierter zu installieren, da alle Teile vormontiert sind.\"\n      }\n    }\n  ]\n}\n<\/script><\/p>\n","protected":false},"excerpt":{"rendered":"<p>Schraubenverdichter im Vergleich: Kompakt oder herk\u00f6mmlich? Sie m\u00f6chten wissen, welcher Schraubenverdichter besser zu Ihrer Anwendung passt? Hier finden Sie den direkten Vergleich: Kompakt-Schraubenverdichter gegen herk\u00f6mmliche Schraubenverdichter \u2013 kurz erkl\u00e4rt und ausf\u00fchrlich analysiert! Was unterscheidet Schraubenverdichter im Vergleich wirklich? Kurzantwort: Der Kompakt-Schraubenverdichter ist ein alles-in-einem Ger\u00e4t \u2013 platzsparend, schnell installiert und wartungsfreundlich. Der herk\u00f6mmliche Schraubenverdichter hingegen [&hellip;]<\/p>\n","protected":false},"author":2,"featured_media":26806,"comment_status":"closed","ping_status":"open","sticky":false,"template":"","format":"standard","meta":{"_acf_changed":false,"googlesitekit_rrm_CAowkvbCDA:productID":"","site-sidebar-layout":"default","site-content-layout":"","ast-site-content-layout":"default","site-content-style":"default","site-sidebar-style":"default","ast-global-header-display":"","ast-banner-title-visibility":"","ast-main-header-display":"","ast-hfb-above-header-display":"","ast-hfb-below-header-display":"","ast-hfb-mobile-header-display":"","site-post-title":"","ast-breadcrumbs-content":"","ast-featured-img":"","footer-sml-layout":"","ast-disable-related-posts":"","theme-transparent-header-meta":"default","adv-header-id-meta":"","stick-header-meta":"","header-above-stick-meta":"","header-main-stick-meta":"","header-below-stick-meta":"","astra-migrate-meta-layouts":"set","ast-page-background-enabled":"default","ast-page-background-meta":{"desktop":{"background-color":"","background-image":"","background-repeat":"repeat","background-position":"center center","background-size":"auto","background-attachment":"scroll","background-type":"","background-media":"","overlay-type":"","overlay-color":"","overlay-opacity":"","overlay-gradient":""},"tablet":{"background-color":"","background-image":"","background-repeat":"repeat","background-position":"center center","background-size":"auto","background-attachment":"scroll","background-type":"","background-media":"","overlay-type":"","overlay-color":"","overlay-opacity":"","overlay-gradient":""},"mobile":{"background-color":"","background-image":"","background-repeat":"repeat","background-position":"center center","background-size":"auto","background-attachment":"scroll","background-type":"","background-media":"","overlay-type":"","overlay-color":"","overlay-opacity":"","overlay-gradient":""}},"ast-content-background-meta":{"desktop":{"background-color":"var(--ast-global-color-5)","background-image":"","background-repeat":"repeat","background-position":"center center","background-size":"auto","background-attachment":"scroll","background-type":"","background-media":"","overlay-type":"","overlay-color":"","overlay-opacity":"","overlay-gradient":""},"tablet":{"background-color":"var(--ast-global-color-5)","background-image":"","background-repeat":"repeat","background-position":"center center","background-size":"auto","background-attachment":"scroll","background-type":"","background-media":"","overlay-type":"","overlay-color":"","overlay-opacity":"","overlay-gradient":""},"mobile":{"background-color":"var(--ast-global-color-5)","background-image":"","background-repeat":"repeat","background-position":"center center","background-size":"auto","background-attachment":"scroll","background-type":"","background-media":"","overlay-type":"","overlay-color":"","overlay-opacity":"","overlay-gradient":""}},"footnotes":""},"categories":[1,140],"tags":[127,143,77],"class_list":["post-44851","post","type-post","status-publish","format-standard","has-post-thumbnail","hentry","category-grundlagen-und-technikverstaendnis","category-kompressoren-blog","tag-schraubenkompressor","tag-schraubenverdichter","tag-verdichter"],"acf":[],"yoast_head":"<!-- This site is optimized with the Yoast SEO plugin v27.4 - https:\/\/yoast.com\/product\/yoast-seo-wordpress\/ -->\n<title>Schraubenverdichter im Vergleich \u2013 Kompakt oder herk\u00f6mmlich?<\/title>\n<meta name=\"description\" content=\"Schraubenverdichter im Vergleich: Kompakt oder herk\u00f6mmlich? Erfahre, welcher Verdichter weniger Platz braucht, effizienter arbeitet und besser zu deiner Anwendung passt.\" \/>\n<meta name=\"robots\" content=\"index, follow, max-snippet:-1, max-image-preview:large, max-video-preview:-1\" \/>\n<link rel=\"canonical\" href=\"https:\/\/druckluft-verzeichnis.de\/en\/blog\/schraubenverdichter-im-vergleich\/\" \/>\n<meta property=\"og:locale\" content=\"en_GB\" \/>\n<meta property=\"og:type\" content=\"article\" \/>\n<meta property=\"og:title\" content=\"Schraubenverdichter im Vergleich \u2013 Kompakt oder herk\u00f6mmlich?\" \/>\n<meta property=\"og:description\" content=\"Schraubenverdichter im Vergleich: Kompakt oder herk\u00f6mmlich? Erfahre, welcher Verdichter weniger Platz braucht, effizienter arbeitet und besser zu deiner Anwendung passt.\" \/>\n<meta property=\"og:url\" content=\"https:\/\/druckluft-verzeichnis.de\/en\/blog\/schraubenverdichter-im-vergleich\/\" \/>\n<meta property=\"og:site_name\" content=\"Druckluft-Verzeichnis\" \/>\n<meta property=\"article:published_time\" content=\"2025-10-24T18:15:35+00:00\" \/>\n<meta property=\"article:modified_time\" content=\"2026-03-27T16:43:22+00:00\" \/>\n<meta property=\"og:image\" content=\"https:\/\/druckluft-verzeichnis.de\/wp-content\/uploads\/blog-verdichter.webp\" \/>\n\t<meta property=\"og:image:width\" content=\"1200\" \/>\n\t<meta property=\"og:image:height\" content=\"630\" \/>\n\t<meta property=\"og:image:type\" content=\"image\/webp\" \/>\n<meta name=\"author\" content=\"KompressorTeile24\" \/>\n<meta name=\"twitter:card\" content=\"summary_large_image\" \/>\n<meta name=\"twitter:label1\" content=\"Written by\" \/>\n\t<meta name=\"twitter:data1\" content=\"\" \/>\n\t<meta name=\"twitter:label2\" content=\"Estimated reading time\" \/>\n\t<meta name=\"twitter:data2\" content=\"4 minutes\" \/>\n<script type=\"application\/ld+json\" class=\"yoast-schema-graph\">{\"@context\":\"https:\\\/\\\/schema.org\",\"@graph\":[{\"@type\":[\"Article\",\"BlogPosting\"],\"@id\":\"https:\\\/\\\/druckluft-verzeichnis.de\\\/blog\\\/schraubenverdichter-im-vergleich\\\/#article\",\"isPartOf\":{\"@id\":\"https:\\\/\\\/druckluft-verzeichnis.de\\\/blog\\\/schraubenverdichter-im-vergleich\\\/\"},\"author\":{\"name\":\"KompressorTeile24\",\"@id\":\"https:\\\/\\\/druckluft-verzeichnis.de\\\/#\\\/schema\\\/person\\\/c6efd3556741c4053ac9e05072b8aede\"},\"headline\":\"Schraubenverdichter im Vergleich \u2013 Kompakt oder herk\u00f6mmlich?\",\"datePublished\":\"2025-10-24T18:15:35+00:00\",\"dateModified\":\"2026-03-27T16:43:22+00:00\",\"mainEntityOfPage\":{\"@id\":\"https:\\\/\\\/druckluft-verzeichnis.de\\\/blog\\\/schraubenverdichter-im-vergleich\\\/\"},\"wordCount\":600,\"publisher\":{\"@id\":\"https:\\\/\\\/druckluft-verzeichnis.de\\\/#organization\"},\"image\":{\"@id\":\"https:\\\/\\\/druckluft-verzeichnis.de\\\/blog\\\/schraubenverdichter-im-vergleich\\\/#primaryimage\"},\"thumbnailUrl\":\"https:\\\/\\\/druckluft-verzeichnis.de\\\/wp-content\\\/uploads\\\/blog-verdichter.webp\",\"keywords\":[\"Schraubenkompressor\",\"Schraubenverdichter\",\"Verdichter\"],\"articleSection\":[\"Grundlagen &amp; Technikverst\u00e4ndnis\",\"Kompressoren Blog\"],\"inLanguage\":\"en-GB\"},{\"@type\":\"WebPage\",\"@id\":\"https:\\\/\\\/druckluft-verzeichnis.de\\\/blog\\\/schraubenverdichter-im-vergleich\\\/\",\"url\":\"https:\\\/\\\/druckluft-verzeichnis.de\\\/blog\\\/schraubenverdichter-im-vergleich\\\/\",\"name\":\"Schraubenverdichter im Vergleich \u2013 Kompakt oder herk\u00f6mmlich?\",\"isPartOf\":{\"@id\":\"https:\\\/\\\/druckluft-verzeichnis.de\\\/#website\"},\"primaryImageOfPage\":{\"@id\":\"https:\\\/\\\/druckluft-verzeichnis.de\\\/blog\\\/schraubenverdichter-im-vergleich\\\/#primaryimage\"},\"image\":{\"@id\":\"https:\\\/\\\/druckluft-verzeichnis.de\\\/blog\\\/schraubenverdichter-im-vergleich\\\/#primaryimage\"},\"thumbnailUrl\":\"https:\\\/\\\/druckluft-verzeichnis.de\\\/wp-content\\\/uploads\\\/blog-verdichter.webp\",\"datePublished\":\"2025-10-24T18:15:35+00:00\",\"dateModified\":\"2026-03-27T16:43:22+00:00\",\"description\":\"Schraubenverdichter im Vergleich: Kompakt oder herk\u00f6mmlich? Erfahre, welcher Verdichter weniger Platz braucht, effizienter arbeitet und besser zu deiner Anwendung passt.\",\"breadcrumb\":{\"@id\":\"https:\\\/\\\/druckluft-verzeichnis.de\\\/blog\\\/schraubenverdichter-im-vergleich\\\/#breadcrumb\"},\"inLanguage\":\"en-GB\",\"potentialAction\":[{\"@type\":\"ReadAction\",\"target\":[\"https:\\\/\\\/druckluft-verzeichnis.de\\\/blog\\\/schraubenverdichter-im-vergleich\\\/\"]}]},{\"@type\":\"ImageObject\",\"inLanguage\":\"en-GB\",\"@id\":\"https:\\\/\\\/druckluft-verzeichnis.de\\\/blog\\\/schraubenverdichter-im-vergleich\\\/#primaryimage\",\"url\":\"https:\\\/\\\/druckluft-verzeichnis.de\\\/wp-content\\\/uploads\\\/blog-verdichter.webp\",\"contentUrl\":\"https:\\\/\\\/druckluft-verzeichnis.de\\\/wp-content\\\/uploads\\\/blog-verdichter.webp\",\"width\":1200,\"height\":630,\"caption\":\"Blog Verdichter, Schraubenverdichter, Scrollverdichter, Kolbenverdichter\"},{\"@type\":\"BreadcrumbList\",\"@id\":\"https:\\\/\\\/druckluft-verzeichnis.de\\\/blog\\\/schraubenverdichter-im-vergleich\\\/#breadcrumb\",\"itemListElement\":[{\"@type\":\"ListItem\",\"position\":1,\"name\":\"Startseite\",\"item\":\"https:\\\/\\\/druckluft-verzeichnis.de\\\/\"},{\"@type\":\"ListItem\",\"position\":2,\"name\":\"Grundlagen &amp; Technikverst\u00e4ndnis\",\"item\":\"https:\\\/\\\/druckluft-verzeichnis.de\\\/thema\\\/grundlagen-und-technikverstaendnis\\\/\"},{\"@type\":\"ListItem\",\"position\":3,\"name\":\"Schraubenverdichter im Vergleich \u2013 Kompakt oder herk\u00f6mmlich?\"}]},{\"@type\":\"WebSite\",\"@id\":\"https:\\\/\\\/druckluft-verzeichnis.de\\\/#website\",\"url\":\"https:\\\/\\\/druckluft-verzeichnis.de\\\/\",\"name\":\"Druckluft-Verzeichnis\",\"description\":\"\",\"publisher\":{\"@id\":\"https:\\\/\\\/druckluft-verzeichnis.de\\\/#organization\"},\"potentialAction\":[{\"@type\":\"SearchAction\",\"target\":{\"@type\":\"EntryPoint\",\"urlTemplate\":\"https:\\\/\\\/druckluft-verzeichnis.de\\\/?s={search_term_string}\"},\"query-input\":{\"@type\":\"PropertyValueSpecification\",\"valueRequired\":true,\"valueName\":\"search_term_string\"}}],\"inLanguage\":\"en-GB\"},{\"@type\":\"Organization\",\"@id\":\"https:\\\/\\\/druckluft-verzeichnis.de\\\/#organization\",\"name\":\"druckluft-verzeichnis.de\",\"url\":\"https:\\\/\\\/druckluft-verzeichnis.de\\\/\",\"logo\":{\"@type\":\"ImageObject\",\"inLanguage\":\"en-GB\",\"@id\":\"https:\\\/\\\/druckluft-verzeichnis.de\\\/#\\\/schema\\\/logo\\\/image\\\/\",\"url\":\"https:\\\/\\\/druckluft-verzeichnis.de\\\/wp-content\\\/uploads\\\/organisation-logo-druckluft-verzeichnis.png\",\"contentUrl\":\"https:\\\/\\\/druckluft-verzeichnis.de\\\/wp-content\\\/uploads\\\/organisation-logo-druckluft-verzeichnis.png\",\"width\":600,\"height\":600,\"caption\":\"druckluft-verzeichnis.de\"},\"image\":{\"@id\":\"https:\\\/\\\/druckluft-verzeichnis.de\\\/#\\\/schema\\\/logo\\\/image\\\/\"},\"sameAs\":[\"https:\\\/\\\/www.inkedin.com\\\/company\\\/druckluft-verzeichnis\\\/\"]},{\"@type\":\"Person\",\"@id\":\"https:\\\/\\\/druckluft-verzeichnis.de\\\/#\\\/schema\\\/person\\\/c6efd3556741c4053ac9e05072b8aede\",\"name\":\"KompressorTeile24\",\"image\":{\"@type\":\"ImageObject\",\"inLanguage\":\"en-GB\",\"@id\":\"https:\\\/\\\/druckluft-verzeichnis.de\\\/wp-content\\\/uploads\\\/2025\\\/07\\\/kompressorteile24_avatar-96x96.png\",\"url\":\"https:\\\/\\\/druckluft-verzeichnis.de\\\/wp-content\\\/uploads\\\/2025\\\/07\\\/kompressorteile24_avatar-96x96.png\",\"contentUrl\":\"https:\\\/\\\/druckluft-verzeichnis.de\\\/wp-content\\\/uploads\\\/2025\\\/07\\\/kompressorteile24_avatar-96x96.png\",\"caption\":\"KompressorTeile24\"}}]}<\/script>\n<!-- \/ Yoast SEO plugin. -->","yoast_head_json":{"title":"Schraubenverdichter im Vergleich \u2013 Kompakt oder herk\u00f6mmlich?","description":"Schraubenverdichter im Vergleich: Kompakt oder herk\u00f6mmlich? Erfahre, welcher Verdichter weniger Platz braucht, effizienter arbeitet und besser zu deiner Anwendung passt.","robots":{"index":"index","follow":"follow","max-snippet":"max-snippet:-1","max-image-preview":"max-image-preview:large","max-video-preview":"max-video-preview:-1"},"canonical":"https:\/\/druckluft-verzeichnis.de\/en\/blog\/schraubenverdichter-im-vergleich\/","og_locale":"en_GB","og_type":"article","og_title":"Schraubenverdichter im Vergleich \u2013 Kompakt oder herk\u00f6mmlich?","og_description":"Schraubenverdichter im Vergleich: Kompakt oder herk\u00f6mmlich? Erfahre, welcher Verdichter weniger Platz braucht, effizienter arbeitet und besser zu deiner Anwendung passt.","og_url":"https:\/\/druckluft-verzeichnis.de\/en\/blog\/schraubenverdichter-im-vergleich\/","og_site_name":"Druckluft-Verzeichnis","article_published_time":"2025-10-24T18:15:35+00:00","article_modified_time":"2026-03-27T16:43:22+00:00","og_image":[{"width":1200,"height":630,"url":"https:\/\/druckluft-verzeichnis.de\/wp-content\/uploads\/blog-verdichter.webp","type":"image\/webp"}],"author":"KompressorTeile24","twitter_card":"summary_large_image","twitter_misc":{"Written by":false,"Estimated reading time":"4 minutes"},"schema":{"@context":"https:\/\/schema.org","@graph":[{"@type":["Article","BlogPosting"],"@id":"https:\/\/druckluft-verzeichnis.de\/blog\/schraubenverdichter-im-vergleich\/#article","isPartOf":{"@id":"https:\/\/druckluft-verzeichnis.de\/blog\/schraubenverdichter-im-vergleich\/"},"author":{"name":"KompressorTeile24","@id":"https:\/\/druckluft-verzeichnis.de\/#\/schema\/person\/c6efd3556741c4053ac9e05072b8aede"},"headline":"Schraubenverdichter im Vergleich \u2013 Kompakt oder herk\u00f6mmlich?","datePublished":"2025-10-24T18:15:35+00:00","dateModified":"2026-03-27T16:43:22+00:00","mainEntityOfPage":{"@id":"https:\/\/druckluft-verzeichnis.de\/blog\/schraubenverdichter-im-vergleich\/"},"wordCount":600,"publisher":{"@id":"https:\/\/druckluft-verzeichnis.de\/#organization"},"image":{"@id":"https:\/\/druckluft-verzeichnis.de\/blog\/schraubenverdichter-im-vergleich\/#primaryimage"},"thumbnailUrl":"https:\/\/druckluft-verzeichnis.de\/wp-content\/uploads\/blog-verdichter.webp","keywords":["Schraubenkompressor","Schraubenverdichter","Verdichter"],"articleSection":["Grundlagen &amp; Technikverst\u00e4ndnis","Kompressoren Blog"],"inLanguage":"en-GB"},{"@type":"WebPage","@id":"https:\/\/druckluft-verzeichnis.de\/blog\/schraubenverdichter-im-vergleich\/","url":"https:\/\/druckluft-verzeichnis.de\/blog\/schraubenverdichter-im-vergleich\/","name":"Schraubenverdichter im Vergleich \u2013 Kompakt oder herk\u00f6mmlich?","isPartOf":{"@id":"https:\/\/druckluft-verzeichnis.de\/#website"},"primaryImageOfPage":{"@id":"https:\/\/druckluft-verzeichnis.de\/blog\/schraubenverdichter-im-vergleich\/#primaryimage"},"image":{"@id":"https:\/\/druckluft-verzeichnis.de\/blog\/schraubenverdichter-im-vergleich\/#primaryimage"},"thumbnailUrl":"https:\/\/druckluft-verzeichnis.de\/wp-content\/uploads\/blog-verdichter.webp","datePublished":"2025-10-24T18:15:35+00:00","dateModified":"2026-03-27T16:43:22+00:00","description":"Schraubenverdichter im Vergleich: Kompakt oder herk\u00f6mmlich? Erfahre, welcher Verdichter weniger Platz braucht, effizienter arbeitet und besser zu deiner Anwendung passt.","breadcrumb":{"@id":"https:\/\/druckluft-verzeichnis.de\/blog\/schraubenverdichter-im-vergleich\/#breadcrumb"},"inLanguage":"en-GB","potentialAction":[{"@type":"ReadAction","target":["https:\/\/druckluft-verzeichnis.de\/blog\/schraubenverdichter-im-vergleich\/"]}]},{"@type":"ImageObject","inLanguage":"en-GB","@id":"https:\/\/druckluft-verzeichnis.de\/blog\/schraubenverdichter-im-vergleich\/#primaryimage","url":"https:\/\/druckluft-verzeichnis.de\/wp-content\/uploads\/blog-verdichter.webp","contentUrl":"https:\/\/druckluft-verzeichnis.de\/wp-content\/uploads\/blog-verdichter.webp","width":1200,"height":630,"caption":"Blog Verdichter, Schraubenverdichter, Scrollverdichter, Kolbenverdichter"},{"@type":"BreadcrumbList","@id":"https:\/\/druckluft-verzeichnis.de\/blog\/schraubenverdichter-im-vergleich\/#breadcrumb","itemListElement":[{"@type":"ListItem","position":1,"name":"Startseite","item":"https:\/\/druckluft-verzeichnis.de\/"},{"@type":"ListItem","position":2,"name":"Grundlagen &amp; Technikverst\u00e4ndnis","item":"https:\/\/druckluft-verzeichnis.de\/thema\/grundlagen-und-technikverstaendnis\/"},{"@type":"ListItem","position":3,"name":"Schraubenverdichter im Vergleich \u2013 Kompakt oder herk\u00f6mmlich?"}]},{"@type":"WebSite","@id":"https:\/\/druckluft-verzeichnis.de\/#website","url":"https:\/\/druckluft-verzeichnis.de\/","name":"Druckluft-Verzeichnis","description":"","publisher":{"@id":"https:\/\/druckluft-verzeichnis.de\/#organization"},"potentialAction":[{"@type":"SearchAction","target":{"@type":"EntryPoint","urlTemplate":"https:\/\/druckluft-verzeichnis.de\/?s={search_term_string}"},"query-input":{"@type":"PropertyValueSpecification","valueRequired":true,"valueName":"search_term_string"}}],"inLanguage":"en-GB"},{"@type":"Organization","@id":"https:\/\/druckluft-verzeichnis.de\/#organization","name":"druckluft-verzeichnis.de","url":"https:\/\/druckluft-verzeichnis.de\/","logo":{"@type":"ImageObject","inLanguage":"en-GB","@id":"https:\/\/druckluft-verzeichnis.de\/#\/schema\/logo\/image\/","url":"https:\/\/druckluft-verzeichnis.de\/wp-content\/uploads\/organisation-logo-druckluft-verzeichnis.png","contentUrl":"https:\/\/druckluft-verzeichnis.de\/wp-content\/uploads\/organisation-logo-druckluft-verzeichnis.png","width":600,"height":600,"caption":"druckluft-verzeichnis.de"},"image":{"@id":"https:\/\/druckluft-verzeichnis.de\/#\/schema\/logo\/image\/"},"sameAs":["https:\/\/www.inkedin.com\/company\/druckluft-verzeichnis\/"]},{"@type":"Person","@id":"https:\/\/druckluft-verzeichnis.de\/#\/schema\/person\/c6efd3556741c4053ac9e05072b8aede","name":"KompressorTeile24","image":{"@type":"ImageObject","inLanguage":"en-GB","@id":"https:\/\/druckluft-verzeichnis.de\/wp-content\/uploads\/2025\/07\/kompressorteile24_avatar-96x96.png","url":"https:\/\/druckluft-verzeichnis.de\/wp-content\/uploads\/2025\/07\/kompressorteile24_avatar-96x96.png","contentUrl":"https:\/\/druckluft-verzeichnis.de\/wp-content\/uploads\/2025\/07\/kompressorteile24_avatar-96x96.png","caption":"KompressorTeile24"}}]}},"_links":{"self":[{"href":"https:\/\/druckluft-verzeichnis.de\/en\/wp-json\/wp\/v2\/posts\/44851","targetHints":{"allow":["GET"]}}],"collection":[{"href":"https:\/\/druckluft-verzeichnis.de\/en\/wp-json\/wp\/v2\/posts"}],"about":[{"href":"https:\/\/druckluft-verzeichnis.de\/en\/wp-json\/wp\/v2\/types\/post"}],"author":[{"embeddable":true,"href":"https:\/\/druckluft-verzeichnis.de\/en\/wp-json\/wp\/v2\/users\/2"}],"replies":[{"embeddable":true,"href":"https:\/\/druckluft-verzeichnis.de\/en\/wp-json\/wp\/v2\/comments?post=44851"}],"version-history":[{"count":0,"href":"https:\/\/druckluft-verzeichnis.de\/en\/wp-json\/wp\/v2\/posts\/44851\/revisions"}],"wp:featuredmedia":[{"embeddable":true,"href":"https:\/\/druckluft-verzeichnis.de\/en\/wp-json\/wp\/v2\/media\/26806"}],"wp:attachment":[{"href":"https:\/\/druckluft-verzeichnis.de\/en\/wp-json\/wp\/v2\/media?parent=44851"}],"wp:term":[{"taxonomy":"category","embeddable":true,"href":"https:\/\/druckluft-verzeichnis.de\/en\/wp-json\/wp\/v2\/categories?post=44851"},{"taxonomy":"post_tag","embeddable":true,"href":"https:\/\/druckluft-verzeichnis.de\/en\/wp-json\/wp\/v2\/tags?post=44851"}],"curies":[{"name":"wp","href":"https:\/\/api.w.org\/{rel}","templated":true}]}}